{"id":973,"date":"2021-11-03T13:38:13","date_gmt":"2021-11-03T13:38:13","guid":{"rendered":"https:\/\/usgpl.hr\/?p=973"},"modified":"2021-11-05T12:01:46","modified_gmt":"2021-11-05T12:01:46","slug":"udruga-slijepih-sestocka-pleternica-zakljucci-s-tematskog-skupa-prava-i-polozaj-osoba-s-invaliditetom-u-lokalnoj-upravi-i-samoupravi","status":"publish","type":"post","link":"https:\/\/usgpl.hr\/?p=973","title":{"rendered":"UDRUGA SLIJEPIH \u0160ESTO\u010cKA PLETERNICA Zaklju\u010dci s tematskog skupa &#8220;Prava i polo\u017eaj osoba s invaliditetom u lokalnoj upravi i samoupravi&#8221;"},"content":{"rendered":"\n<p><strong>ZAKLJU\u010cCI S TEMATSKOG SKUPA \u201ePRAVA I POLO\u017dAJ OSOBA S INVALIDITETOM U LOKALNOJ UPRAVI I SAMOUPRAVI\u201c (ORGANIZIRAN POVODOM OBILJE\u017dAVANJA ME\u0110UNARODNOG DANA BIJELOG \u0160TAPA, 15.10.2021. U PLETERNICI)<\/strong><\/p>\n\n\n\n<p>Dana, 15.10.2021. godine u sklopu Me\u0111unarodnog dana Bijelog \u0161tapa u organizaciji Udruge slijepih \u0160esto\u010dka Pleternica odr\u017ean je javni tematski skup: \u201ePrava i polo\u017eaj osoba s invaliditetom u lokalnoj upravi i samoupravi\u201c.<\/p>\n\n\n<p>Na istoj su sudjelovali predstavnici nadle\u017enih institucija za osobe s invaliditetom, lokalne i regionalne samouprave, mediji i udruge s podru\u010dja Po\u017ee\u0161ko-slavonske \u017eupanije i to:<br>&nbsp; &nbsp;\u25aa Ministarstvo rada, mirovinskog sustava, obitelji i socijalne politike,<br>&nbsp; &nbsp;\u25aa Ured pravobranitelja za osobe s invaliditetom Podru\u010dnog ureda Osijek,<br>&nbsp; &nbsp;\u25aa Po\u017ee\u0161ko-slavonska \u017eupanija,<br>&nbsp; &nbsp;\u25aa Grad Pleternica,<br>&nbsp; &nbsp;\u25aa Grad Pakrac i Lokalna razvojna agencija Poduzetni\u010dkog centra Pakrac,<br>&nbsp; &nbsp;\u25aa Zavod za vje\u0161ta\u010denje, profesionalnu rehabilitaciju i zapo\u0161ljavanje osoba s<br>&nbsp; &nbsp; &nbsp; &nbsp; invaliditetom,<br>&nbsp; &nbsp;\u25aa Hrvatski zavod za zapo\u0161ljavanje,<br>&nbsp; &nbsp;\u25aa Udruga osoba s invaliditetom Grada Po\u017eege i \u017dupanije Po\u017ee\u0161ko-slavonske,<br>&nbsp; &nbsp;\u25aa Dru\u0161tvo multiple skleroze Po\u017ee\u0161ko-slavonske \u017eupanije,<br>&nbsp; &nbsp;\u25aa Udruga invalida rada Po\u017eega,<br>&nbsp; &nbsp;\u25aa Udruge za razvoj kreativnih radionica i kvalitete \u017eivljenja osoba s invaliditetom<br>&nbsp; &nbsp; &nbsp; &nbsp; &nbsp;Republike Hrvatske,<br>&nbsp; &nbsp;\u25aa \u201eMI\u201c Udruge roditelja djece i osoba s pote\u0161ko\u0107ama u razvoju,<br>&nbsp; &nbsp;\u25aa Udruga za pomo\u0107 djeci s posebnim potrebama i pote\u0161ko\u0107ama u u\u010denju &#8221;Osmjeh&#8221;,<br>&nbsp; &nbsp;\u25aa Udruge za pomo\u0107 djeci i mladima Radost,<br>&nbsp; &nbsp;\u25aa Udruge za kreativni rad i pomo\u0107 socijalno potrebiti osobama Kap solidarnosti i<br>&nbsp; &nbsp;\u25aa Po\u017ee\u0161ki vodi\u010d<\/p>\n\n\n<p>Za uvodni dio utvr\u0111eno je da prema posljednjem Izvje\u0161\u0107u o osobama s invaliditetom u Republici Hrvatskog iz rujna 2021. Hrvatskog zavoda za javno zdravstvo u Po\u017ee\u0161ko-slavonskoj \u017eupaniji \u017eivi 11.446 osoba s invaliditetom od \u010dega je 6.866 mu\u0161kog spola (60%) i 4.580 \u017eenskog spola (40%) te na taj na\u010din osobe s invaliditetom \u010dine 17,3% ukupnog stanovni\u0161tva Po\u017ee\u0161ko-slavonske \u017eupanije, \u0161to je ne\u0161to vi\u0161e od dr\u017eavnog prosjeka koji iznosi 14,4% ukupnog stanovni\u0161tva Republike Hrvatske.<\/p>\n\n\n\n<p>Tablica 1. Prikaz broja osoba s invaliditetom u gradovima i op\u0107inama Po\u017ee\u0161ko-slavonske \u017eupanije<\/p>\n\n\n\n<figure class=\"wp-block-table\"><table><tbody><tr><td><strong>GRADOVI I OP\u0106INE<\/strong><\/td><td><strong>BROJ OSOBA<\/strong><\/td><\/tr><tr><td>Po\u017eega<\/td><td>3772<\/td><\/tr><tr><td>Pleternica<\/td><td>1709<\/td><\/tr><tr><td>Pakrac<\/td><td>1392<\/td><\/tr><tr><td>Lipik<\/td><td>1005<\/td><\/tr><tr><td>Kutjevo<\/td><td>852<\/td><\/tr><tr><td>Velika<\/td><td>752<\/td><\/tr><tr><td>Brestovac<\/td><td>603<\/td><\/tr><tr><td>Jak\u0161i\u0107<\/td><td>531<\/td><\/tr><tr><td>Kaptol<\/td><td>480<\/td><\/tr><tr><td>\u010caglin<\/td><td>345<\/td><\/tr><\/tbody><\/table><\/figure>\n\n\n<h3><strong>TEMATSKI SKUP \u201ePRAVA I POLO\u017dAJ OSOBA S INVALIDITETOM U LOKALNOJ UPRAVI I SAMOUPRAVI\u201c PODIJELJEN JE U TRI TEMATSKE CJELINE:<\/strong><\/h3>\n<h4><strong>1. Obrazovanje i zapo\u0161ljavanje osoba s invaliditetom<\/strong><\/h4>\n<p>U tematskoj raspravi sudionici su upoznati sa statisti\u010dkim podatcima Hrvatskog zavoda za javno zdravstvo prema kojima u rujnu Po\u017ee\u0161ko-slavonska \u017eupanija s primjerenim oblikom \u0161kolovanja rje\u0161enje ima 835 osoba s invaliditetom. Prema podatcima Hrvatskog zavoda za mirovinsko osiguranje s danom 30.9.2021. radno aktivno je 375 osoba s invaliditetom. Korisnici su upoznati i s mogu\u0107nostima kori\u0161tenja raznih poticaja i potpora (sufinanciranja) vezanih za zapo\u0161ljavanje osoba s invaliditetom kroz mjere Zavoda za vje\u0161ta\u010denje, profesionalnu rehabilitaciju i zapo\u0161ljavanje osoba s invaliditetom:<br>&nbsp; &nbsp;\u25aa procjena radne u\u010dinkovitosti i radne prilagodbe,<br>&nbsp; &nbsp;\u25aa tro\u0161kovi prilagodbe uvjeta rada,<br>&nbsp; &nbsp;\u25aa subvencija tro\u0161kova Bruto I pla\u0107e,<br>&nbsp; &nbsp;\u25aa naknada u visini upla\u0107enih doprinosa,<br>&nbsp; &nbsp;\u25aa sufinanciranje tro\u0161kova prijevoza na posao i s posla,<br>&nbsp; &nbsp;\u25aa nov\u010dana nagrada zbog zapo\u0161ljavanja izvan kvote,<br>&nbsp; &nbsp;\u25aa potpora za odr\u017eivost samozapo\u0161ljavanja osoba s invaliditetom,<br>&nbsp; &nbsp;\u25aa sufinanciranje tro\u0161kova obrazovanja i<br>&nbsp; &nbsp;\u25aa ostale potpore koje se mogu prona\u0107i na stranicama Zavoda za vje\u0161ta\u010denje,<br>&nbsp; &nbsp; &nbsp; &nbsp; profesionalnu rehabilitaciju i zapo\u0161ljavanje osoba s invaliditetom <br>&nbsp; &nbsp; &nbsp; &nbsp; (<span style=\"color: #0000ff;\">https:\/\/zosi.hr\/<\/span>).<\/p>\n<p>Prijedlozi i zaklju\u010dci po 1. tematskoj cjelini \u201eObrazovanje i zapo\u0161ljavanje osoba s<br>invaliditetom\u201c:<strong><br><\/strong>\u25ba osigurati pristupa\u010dnost osobama s invaliditetom u svim obrazovnim institucijama na <br>&nbsp; &nbsp; &nbsp; prostoru Po\u017ee\u0161ko-slavonske \u017eupanije (uklju\u010duju\u0107i i predmetne u\u010dionice na vi\u0161im<br>&nbsp; &nbsp; &nbsp; katovima);<br>\u25ba pri zapo\u0161ljavanju pomo\u0107nika u nastavi voditi brigu o zapo\u0161ljavanju osoba koji su <br>&nbsp; &nbsp; &nbsp;osposobljeni da mogu pratiti nastavu na daljinu i osigurati da se pomo\u0107nici ne <br>&nbsp; &nbsp; &nbsp;izmjenjuju \u010desto;<br>\u25ba omogu\u0107iti kvalitetnije obrazovanja osoba s invaliditetom kroz razne edukacijske <br>&nbsp; &nbsp; &nbsp;radionice za osobe s invaliditetom i online obrazovanje;<br>\u25ba pove\u0107ati mobilnost osoba s invaliditetom kroz:<br>&nbsp; &nbsp; &nbsp; \u2023 osiguranje javnog prijevoza prilago\u0111enog za osobe s invaliditetom (osobito za <br>&nbsp; &nbsp; &nbsp;ruralna podru\u010dja),<br>&nbsp; &nbsp; &nbsp; \u2023 osigurati ve\u0107u dostupnost polaganja voza\u010dkih ispita za osobe s invaliditetom, <br>&nbsp; &nbsp; &nbsp;sufinanciranjem tro\u0161kova do najbli\u017eih prilago\u0111enih auto\u0161kola (trenutno su u <br>&nbsp; &nbsp; &nbsp;Zagrebu, Splitu i Rijeci) ili se zalagati za otvaranje prilago\u0111ene auto\u0161kole za <br>&nbsp; &nbsp; &nbsp;osobe s invaliditetom u Slavoniji;<br>\u25ba zahtijevati od jedinica lokalne uprave i samouprave da u svojim prora\u010dunima osiguraju:<br>&nbsp; &nbsp; &nbsp; \u2023 potpore za poslodavce koji zapo\u0161ljavaju osobe s invaliditetom,<br>&nbsp; &nbsp; &nbsp; \u2023 sufinanciranje tro\u0161kova samozapo\u0161ljavanja osoba s invaliditetom: kroz otvaranje<br>&nbsp; &nbsp; &nbsp;obrta, poduze\u0107a, posebno za\u0161titnih radionica i drugih gospodarskih subjekata,<br>&nbsp; &nbsp; &nbsp;Istim mjerama potaknuti \u0107e se rasprava zapo\u0161ljavanja osoba s invaliditetom, <br>&nbsp; &nbsp; &nbsp;prona\u0107i deficitarna radna snaga te pove\u0107ati interes poslodavaca za uklju\u010divanjem u<br>&nbsp; &nbsp; &nbsp;mjere za osobe s invaliditetom koje su dostupne na lokalnoj i nacionalnoj razini;<br>\u25ba dodatno anga\u017eirati Hrvatski zavod za zapo\u0161ljavanje i druge institucije koje<br>&nbsp; &nbsp; &nbsp;mogu educirati i informirati poslodavce s podru\u010dja Po\u017ee\u0161ko-slavonske \u017eupanije o <br>&nbsp; &nbsp; &nbsp;dostupnim poticajnim mjerama za zapo\u0161ljavanje osoba s invaliditetom;<br>\u25ba prioritet kod kupnje roba i usluga od pravnih osoba koje zapo\u0161ljavanju osobe s <br>&nbsp; &nbsp; &nbsp;invaliditetom i koristiti mjere \u201ezamjenske kvote\u201c.<\/p>\n<h4>2. Ostvarivanje prava na socijalnu za\u0161titu, zdravstvenu skrb i drugih prava osoba s invaliditetom<\/h4>\n<p>U tematskoj raspravi sudionici su upoznati s radom Ureda pravobranitelja za osobe s invaliditetom koji je predstavio rad pravobraniteljstva i prava osoba s invaliditetom. Pravobranitelj za osobe s invaliditetom zaprima individualne pritu\u017ebe osoba s invaliditetom i onih koji rade u njihovu korist, razmatra slu\u010dajeve u kojima se pritu\u017euje na povredu prava osoba s invaliditetom i u kontaktu s institucijama koje su zadu\u017eene za rje\u0161avanje tih pitanja, nastoji ishoditi najpovoljnije rje\u0161enje. Svaki slu\u010daj \u0107e se preispitati, dokumentirati i odlu\u010diti u kojoj mjeri se mogu poduzeti daljnje radnje.<\/p>\n<p><strong>Primjeri pojedina\u010dnih prava zbog kojih se osobe s invaliditetom obra\u0107aju Uredu su:<\/strong><br>&nbsp; &nbsp;\u25aa Status OSI<br>&nbsp; &nbsp;\u25aa Osobna invalidnina<br>&nbsp; &nbsp;\u25aa Doplatak za pomo\u0107 i njegu<br>&nbsp; &nbsp;\u25aa Status roditelja njegovatelja<br>&nbsp; &nbsp;\u25aa Skrbni\u0161tvo, poslovna sposobnost<br>&nbsp; &nbsp;\u25aa Usluge osobnog asistenta<br>&nbsp; &nbsp;\u25aa Psihosocijalna podr\u0161ka<br>&nbsp; &nbsp;\u25aa Invalidska i obiteljska mirovina (\u201enaslje\u0111ivanje mirovine od <br>&nbsp; &nbsp; &nbsp; &nbsp;roditelja\u201d)<br>&nbsp; &nbsp;\u25aa Utvr\u0111ivanje postotka tjelesnog o\u0161te\u0107enja\/naknada<br>&nbsp; &nbsp;\u25aa Beneficirani radni sta\u017e<br>&nbsp; &nbsp;\u25aa Zapo\u0161ljavanje OSI i pozivanje na pravo prednosti pri zapo\u0161ljavanju <br>&nbsp; &nbsp; &nbsp; &nbsp;(pod jednakim uvjetima)<br>&nbsp; &nbsp;\u25aa Razumna prilagodba pri zapo\u0161ljavanju i na radnom mjestu<br>&nbsp; &nbsp;\u25aa Profesionalna rehabilitacija<br>&nbsp; &nbsp;\u25aa Pristupa\u010dnost (javnih povr\u0161ina, objekata, ustanova, bolnica, \u0161kola <br>&nbsp; &nbsp; &nbsp; &nbsp; itd., pristupa\u010dnost stanovanju, osiguranje parkirali\u0161nih mjesta <br>&nbsp; &nbsp; &nbsp; &nbsp; ozna\u010denih za osobe s invaliditetom)<br>&nbsp; &nbsp;\u25aa Osloba\u0111anje od cestarine za OSI<br>&nbsp; &nbsp;\u25aa Znak pristupa\u010dnosti<br>&nbsp; &nbsp;\u25aa Razli\u010dite vrste naknada<br>&nbsp; &nbsp;\u25aa Uklju\u010divanje OSI u svakodnevni \u017eivot zajednice<br>&nbsp; &nbsp;\u25aa Rehabilitacija<br>&nbsp; &nbsp;\u25aa Ortopedska i druga pomagala<br>&nbsp; &nbsp;\u25aa Porezne olak\u0161ice za OSI<br>&nbsp; &nbsp;\u25aa \u010clanstvo u udrugama<br>&nbsp; &nbsp;\u25aa Osloba\u0111anja i olak\u0161ice (npr. HRT pristojba, teleoperateri)<br>&nbsp; &nbsp;\u25aa Prijedlozi za suradnju, podr\u0161ku na projektima<\/p>\n<p><strong>Pritu\u017ebe se mogu podnijeti:<br><\/strong>&nbsp; &nbsp;1. Pisano \u2013 po\u0161tom na adresu:<br>&nbsp; &nbsp; &nbsp; &nbsp; Pravobranitelj za osobe s invaliditetom<br>&nbsp; &nbsp; &nbsp; &nbsp; Podru\u010dni ured Osijek<br>&nbsp; &nbsp; &nbsp; &nbsp; Ulica Hrvatske Republike 5, 31 000 Osijek<br>&nbsp; &nbsp;2. Telefonom: 031\/293 352<br>&nbsp; &nbsp;3. Pisano faksom: 01\/6177 901<br>&nbsp; &nbsp;4. Pisano e-mailom: <span style=\"color: #0000ff;\">tajnistvo-osijek@posi.hr<\/span><br>&nbsp; &nbsp;5. Posjetom \u2013 za neposredni razgovor potrebna je prethodna najava<br>&nbsp; &nbsp; &nbsp; &nbsp;i dogovor termina.<strong><br><\/strong><\/p>\n<p>Prijedlozi i zaklju\u010dci po 2. tematskoj cjelini \u201eOstvarivanje prava na socijalnu za\u0161titu, zdravstvenu skrb i drugih prava osoba s invaliditetom\u201c:<br>\u25ba udru\u017eivanje i zajedni\u010dki nastupi udruga osoba s invaliditetom u provo\u0111enju projekata,<br>&nbsp; &nbsp; &nbsp; edukacija, razmjene iskustava i organizacije sastanaka prema institucijama koje <br>&nbsp; &nbsp; &nbsp; mogu djelovati na rje\u0161avanje razli\u010ditih problema osoba s invaliditetom;<br>\u25ba inzistirati na redovitim sastancima i ve\u0107oj uklju\u010denosti udruga<br>&nbsp; &nbsp; &nbsp; osoba s invaliditetom u kreiranju planova i programa lokalne uprave i<br>&nbsp; &nbsp; &nbsp; samouprave na rje\u0161avanje i poduzimanje mjera za osobe s invaliditetom;<br>\u25ba osnivanje povjerenstava za pobolj\u0161anje prava i \u017eivota osoba s invaliditetom u <br>&nbsp; &nbsp; &nbsp; jedinicama lokalne uprave i samouprave;<br>\u25ba osigurati ve\u0107u kontrolu parkirnih mjesta za osobe s invaliditetom na podru\u010dju Po\u017ee\u0161ko-<br>&nbsp; &nbsp; &nbsp; slavonske \u017eupanije i osigurati minimalna parkirna mjesta za osobe s invaliditetom u <br>&nbsp; &nbsp; &nbsp; lokalnoj upravi i samoupravi;<br>\u25ba raditi s lokalnom upravom i samoupravom i Centrom za socijalnu skrb u iskorjenjivanju <br>&nbsp; &nbsp; &nbsp; siroma\u0161tva kod osoba s invaliditetom i njihovih obitelji u Po\u017ee\u0161ko-slavonskoj \u017eupaniji;<br>\u25ba tra\u017eiti od jedinica lokalne uprave i samouprave:<br>&nbsp; &nbsp; &nbsp; \u2023 sufinanciranje tro\u0161kova prilagodbe pristupa\u010dnosti osoba s invaliditetom u <br>&nbsp; &nbsp; &nbsp; njihovim domovima (izrada rampe, izrada rukohvata, taktilnih staza i sli\u010dno),<br>&nbsp; &nbsp; &nbsp; \u2023 da pove\u0107a brigu i nadzor za propisno ozna\u010davanje objekata u gradnji i za<br>&nbsp; &nbsp; &nbsp; vrijeme gradnje (zgrade, popravak cesta i sli\u010dno),<br>&nbsp; &nbsp; &nbsp; \u2023 kvalitetnije financiranje udruga koje skrbe o osobama s invaliditetom u<br>&nbsp; &nbsp; &nbsp; pogledu bodovanja i vrednovanja dosada\u0161njeg rada Udruga.<\/p>\n<h4><strong data-rich-text-format-boundary=\"true\">3. Ostvarivanje prava na socijalnu za\u0161titu, zdravstvenu skrb i drugih prava osoba s invaliditetom<\/strong><\/h4>\n\n\n<p>Nasilje nad osobama s invaliditetom manifestira se kao psiholo\u0161ko, financijsko, seksualno, strukturno, tjelesno, zanemarivanje, manipulacija farmakolo\u0161kim sredstvima i ortopedskim i drugim pomagalima.<\/p>\n\n\n<p>Prijedlozi i zaklju\u010dci po 3. tematskoj cjelini \u201eZa\u0161tita od svih oblika nasilja nad osobama s invaliditetom\u201c:<br>\u25ba ozbiljnija borba protiv diskriminacije osoba s invaliditetom u svim segmentima <br>&nbsp; &nbsp; &nbsp; njihovih \u017eivota i zalaganje za izjedna\u010davanje prava i mogu\u0107nosti osoba s invaliditetom;<br>\u25ba tra\u017eiti od Centara za socijalnu skrb \u010de\u0161\u0107i, detaljniji i kvalitetniji nadzor <br>&nbsp; &nbsp; &nbsp; obitelji u kojima \u017eivi osoba s invaliditetom zbog bilo kojeg oblika nasilja;<br>\u25ba osigurati i pru\u017eiti jednake mogu\u0107nosti osobama s invaliditetom kao i svim ostalim <br>&nbsp; &nbsp; &nbsp; osobama u zajednici.<\/p>\n\n\n<p>Izra\u017eena mi\u0161ljenja i stavovi odra\u017eavaju zajedni\u010dke zaklju\u010dke i rezultate navedenih sudionika.<\/p>\n","protected":false},"excerpt":{"rendered":"<p>ZAKLJU\u010cCI S TEMATSKOG SKUPA \u201ePRAVA I POLO\u017dAJ OSOBA S INVALIDITETOM U LOKALNOJ UPRAVI I SAMOUPRAVI\u201c (ORGANIZIRAN POVODOM OBILJE\u017dAVANJA ME\u0110UNARODNOG DANA BIJELOG \u0160TAPA, 15.10.2021. U PLETERNICI) Dana, 15.10.2021. godine u sklopu Me\u0111unarodnog dana Bijelog \u0161tapa u organizaciji Udruge slijepih \u0160esto\u010dka Pleternica odr\u017ean je javni tematski skup: \u201ePrava i polo\u017eaj osoba s invaliditetom u lokalnoj upravi i [&hellip;]<\/p>\n","protected":false},"author":3,"featured_media":1006,"comment_status":"closed","ping_status":"closed","sticky":false,"template":"","format":"standard","meta":[],"categories":[1],"tags":[],"_links":{"self":[{"href":"https:\/\/usgpl.hr\/index.php?rest_route=\/wp\/v2\/posts\/973"}],"collection":[{"href":"https:\/\/usgpl.hr\/index.php?rest_route=\/wp\/v2\/posts"}],"about":[{"href":"https:\/\/usgpl.hr\/index.php?rest_route=\/wp\/v2\/types\/post"}],"author":[{"embeddable":true,"href":"https:\/\/usgpl.hr\/index.php?rest_route=\/wp\/v2\/users\/3"}],"replies":[{"embeddable":true,"href":"https:\/\/usgpl.hr\/index.php?rest_route=%2Fwp%2Fv2%2Fcomments&post=973"}],"version-history":[{"count":15,"href":"https:\/\/usgpl.hr\/index.php?rest_route=\/wp\/v2\/posts\/973\/revisions"}],"predecessor-version":[{"id":1007,"href":"https:\/\/usgpl.hr\/index.php?rest_route=\/wp\/v2\/posts\/973\/revisions\/1007"}],"wp:featuredmedia":[{"embeddable":true,"href":"https:\/\/usgpl.hr\/index.php?rest_route=\/wp\/v2\/media\/1006"}],"wp:attachment":[{"href":"https:\/\/usgpl.hr\/index.php?rest_route=%2Fwp%2Fv2%2Fmedia&parent=973"}],"wp:term":[{"taxonomy":"category","embeddable":true,"href":"https:\/\/usgpl.hr\/index.php?rest_route=%2Fwp%2Fv2%2Fcategories&post=973"},{"taxonomy":"post_tag","embeddable":true,"href":"https:\/\/usgpl.hr\/index.php?rest_route=%2Fwp%2Fv2%2Ftags&post=973"}],"curies":[{"name":"wp","href":"https:\/\/api.w.org\/{rel}","templated":true}]}}