{"id":935,"date":"2021-06-21T10:27:00","date_gmt":"2021-06-21T10:27:00","guid":{"rendered":"https:\/\/usgpl.hr\/?p=935"},"modified":"2021-10-04T10:41:24","modified_gmt":"2021-10-04T10:41:24","slug":"udruga-slijepih-sestocka-pleternica-jednokratnom-podrskom-osiguran-nastavak-projekta-budi-moje-oci","status":"publish","type":"post","link":"https:\/\/usgpl.hr\/?p=935","title":{"rendered":"UDRUGA SLIJEPIH \u0160ESTO\u010cKA PLETERNICA Jednokratnom podr\u0161kom osiguran nastavak projekta &#8220;Budi moje o\u010di&#8221;"},"content":{"rendered":"\n<p>UDRUGA SLIJEPIH \u0160ESTO\u010cKA PLETERNICA nastavlja provoditi projekt &#8220;Budi moje o\u010di&#8221; \u010dime je osiguran vide\u0107i pratitelji za slijepe osobe.<\/p>\n\n\n\n<p>Nakon uspje\u0161nog zavr\u0161etka prve faze projekta &#8220;Budi moje o\u010di&#8221; kojeg je financirao Europski socijalni fond u 100%-tnom iznosu od 494.440,00 kn nastavak je osiguralo Ministarstvo rada, mirovinskoga sustava, obitelji i socijalne politike kroz Jednokratnu financijsku podr\u0161ku kojom se osigurava nastavak pru\u017eanja usluge vide\u0107eg pratitelja slijepim osobama koje su nesamostalne u kretanju iz Dr\u017eavnog prora\u010duna Republike Hrvatske za 2021. godinu. <\/p>\n\n\n\n<p>Nastavak pru\u017eanja usluge Ministarstvo je financiralo s 48.300,00 kn, a obuhva\u0107a zapo\u0161ljavanje jednog vide\u0107eg pratitelja za 20 korisnika s podru\u010dja Po\u017ee\u0161ko-slavonske \u017eupanije. Projekt je s aktivnostima krenuo 12.6.2021., a kraj projektnog razdoblja predvi\u0111en je za 31.12.2021. godine.<\/p>\n\n\n\n<p>Cilj projekta je stvoriti preduvjet za kvalitetniji i olak\u0161an \u017eivot slijepih osoba te poticanje njihovih dru\u0161tvenih, kreativnih, edukativnih i drugih aktivnosti. Projektne aktivnosti usmjerene su ja\u010danju socijalnog uklju\u010divanja slijepih osoba, na na\u010din da im vide\u0107i pratitelj poma\u017ee u obavljanju svakodnevnih aktivnosti, sudjelovanja u dru\u0161tvenoj participaciji te pobolj\u0161anju sveukupne kvalitete \u017eivota.<\/p>\n\n\n\n<p>Veselimo se nastavku aktivnosti&#8230;<\/p>\n\n\n\n<p>(sadr\u017eaj ovog \u010dlanka isklju\u010diva je odgovornost Udruge slijepih \u0160esto\u010dka)<\/p>\n\n\n\n<figure class=\"wp-block-image size-large\"><a href=\"https:\/\/usgpl.hr\/wp-content\/uploads\/2021\/07\/Logo_min_rada.png\"><img loading=\"lazy\" width=\"523\" height=\"120\" src=\"https:\/\/usgpl.hr\/wp-content\/uploads\/2021\/07\/Logo_min_rada.png\" alt=\"\" class=\"wp-image-878\" srcset=\"https:\/\/usgpl.hr\/wp-content\/uploads\/2021\/07\/Logo_min_rada.png 523w, https:\/\/usgpl.hr\/wp-content\/uploads\/2021\/07\/Logo_min_rada-300x69.png 300w\" sizes=\"(max-width: 523px) 100vw, 523px\" \/><\/a><\/figure>\n\n\n\n<p><\/p>\n","protected":false},"excerpt":{"rendered":"<p>UDRUGA SLIJEPIH \u0160ESTO\u010cKA PLETERNICA nastavlja provoditi projekt &#8220;Budi moje o\u010di&#8221; \u010dime je osiguran vide\u0107i pratitelji za slijepe osobe. Nakon uspje\u0161nog zavr\u0161etka prve faze projekta &#8220;Budi moje o\u010di&#8221; kojeg je financirao Europski socijalni fond u 100%-tnom iznosu od 494.440,00 kn nastavak je osiguralo Ministarstvo rada, mirovinskoga sustava, obitelji i socijalne politike kroz Jednokratnu financijsku podr\u0161ku kojom [&hellip;]<\/p>\n","protected":false},"author":3,"featured_media":756,"comment_status":"closed","ping_status":"closed","sticky":false,"template":"","format":"standard","meta":[],"categories":[1],"tags":[],"_links":{"self":[{"href":"https:\/\/usgpl.hr\/index.php?rest_route=\/wp\/v2\/posts\/935"}],"collection":[{"href":"https:\/\/usgpl.hr\/index.php?rest_route=\/wp\/v2\/posts"}],"about":[{"href":"https:\/\/usgpl.hr\/index.php?rest_route=\/wp\/v2\/types\/post"}],"author":[{"embeddable":true,"href":"https:\/\/usgpl.hr\/index.php?rest_route=\/wp\/v2\/users\/3"}],"replies":[{"embeddable":true,"href":"https:\/\/usgpl.hr\/index.php?rest_route=%2Fwp%2Fv2%2Fcomments&post=935"}],"version-history":[{"count":2,"href":"https:\/\/usgpl.hr\/index.php?rest_route=\/wp\/v2\/posts\/935\/revisions"}],"predecessor-version":[{"id":938,"href":"https:\/\/usgpl.hr\/index.php?rest_route=\/wp\/v2\/posts\/935\/revisions\/938"}],"wp:featuredmedia":[{"embeddable":true,"href":"https:\/\/usgpl.hr\/index.php?rest_route=\/wp\/v2\/media\/756"}],"wp:attachment":[{"href":"https:\/\/usgpl.hr\/index.php?rest_route=%2Fwp%2Fv2%2Fmedia&parent=935"}],"wp:term":[{"taxonomy":"category","embeddable":true,"href":"https:\/\/usgpl.hr\/index.php?rest_route=%2Fwp%2Fv2%2Fcategories&post=935"},{"taxonomy":"post_tag","embeddable":true,"href":"https:\/\/usgpl.hr\/index.php?rest_route=%2Fwp%2Fv2%2Ftags&post=935"}],"curies":[{"name":"wp","href":"https:\/\/api.w.org\/{rel}","templated":true}]}}