{"id":805,"date":"2021-06-08T11:36:00","date_gmt":"2021-06-08T11:36:00","guid":{"rendered":"https:\/\/usgpl.hr\/?p=805"},"modified":"2021-06-21T11:26:01","modified_gmt":"2021-06-21T11:26:01","slug":"udruga-slijepih-sestocka-pleternica-predstavljanje-nacina-kako-se-ophoditi-sa-slijepom-osobom-u-sklopu-projekta-budi-moje-oci-na-radio-emisiji","status":"publish","type":"post","link":"https:\/\/usgpl.hr\/?p=805","title":{"rendered":"UDRUGA SLIJEPIH \u0160ESTO\u010cKA PLETERNICA Predstavlja na\u010din na koji se ophodit sa slijepom osobom u sklopu projekta \u201cBudi moje o\u010di\u201d na radio emisiji"},"content":{"rendered":"\n<p><strong>U sklopu poziva Razvoj usluge osobne asistencije za osobe s invaliditetom \u2013 faza II, Operativnog programa U\u010dinkoviti ljudski potencijali 2014.-2020. provodi se projekt \u201eBudi moje o\u010di\u201c koji slijepim osobama omogu\u0107uje prijevoz, pratnju i asistenciju u svakodnevnom \u017eivotu. Projekt se provodi 24 mjeseca, od 11. lipnja 2019. do 11. lipnja 2021. Nositelj projekta je Udruga slijepih \u0160esto\u010dka iz Pleternice, a financira ga Europski socijalni fond u 100%-tnom iznosu od 494.440,00 kn.<\/strong><\/p>\n\n\n\n<p>U sklopu projekta \u201cBudi moje o\u010di\u201d voditelj projekta Tomislav Stoj\u010devi\u0107 gostovao je na radio emisiji gdje je rekao ne\u0161to vi\u0161e o ulozi vide\u0107ih pratitelja u \u017eivotu slijepih osoba i kako kao gra\u0111ani trebamo postupati sa slijepom osobom. <\/p>\n\n\n\n<p>Istaknuo je kako su slijepe osobe nerijetko zbog svog tjelesnog o\u0161te\u0107enja slabo pokretne, nedovoljno aktivne, ali i isklju\u010dene iz dru\u0161tvenog \u017eivota lokalne zajednice te smo se upravo zbog toga odlu\u010dili poduzeti ne\u0161to po tom pitanju. Cilj ovog projekta je pri\u0107i upravo takvim osobama kako bi se stvorio preduvjet za kvalitetniji i lak\u0161i \u017eivot slijepih osoba te poticale njihove dru\u0161tvene, kreativne, edukativne i druge aktivnosti.<\/p>\n\n\n\n<p>Kako bi potaknuli zajednicu u kojoj \u017eivimo da pristupi slijepim osobama predstavljena je uloga vide\u0107ih pratitelja u \u017eivotu slijepih osoba, odnosno  kroz korisne savjete gra\u0111anstvo je upu\u0107eno kako se i oni trebaju ophoditi sa slijepom osobom.<\/p>\n\n\n\n<p>Na radio emisiji govorilo se o samom pristupu, odnosno prvom kontakta sa slijepom osobom, o kretanju i opisivanju okru\u017eenja u kojem se nalazi slijepa osoba, o pomaganju slijepoj osobi pri sjedanju i sli\u010dno. Kroz va\u017ene upute, primjere i obja\u0161njenja saznali smo kako pripomo\u0107i slijepoj osobi.<\/p>\n\n\n\n<p>Cijeli razgovor mo\u017eete poslu\u0161ati na: <a href=\"https:\/\/www.youtube.com\/watch?v=g1rsrF9dWzQ\">https:\/\/www.youtube.com\/watch?v=g1rsrF9dWzQ<\/a> <\/p>\n\n\n\n<p>&nbsp;(Sadr\u017eaj ovog \u010dlanka isklju\u010diva je odgovornost Udruge slijepih \u0160esto\u010dka)<\/p>\n\n\n\n<figure class=\"wp-block-image size-large\"><a href=\"https:\/\/usgpl.hr\/wp-content\/uploads\/2021\/03\/element2_A3-1.png\"><img loading=\"lazy\" width=\"1024\" height=\"724\" src=\"https:\/\/usgpl.hr\/wp-content\/uploads\/2021\/03\/element2_A3-1-1024x724.png\" alt=\"\" class=\"wp-image-773\" srcset=\"https:\/\/usgpl.hr\/wp-content\/uploads\/2021\/03\/element2_A3-1-1024x724.png 1024w, https:\/\/usgpl.hr\/wp-content\/uploads\/2021\/03\/element2_A3-1-300x212.png 300w, https:\/\/usgpl.hr\/wp-content\/uploads\/2021\/03\/element2_A3-1-768x543.png 768w, https:\/\/usgpl.hr\/wp-content\/uploads\/2021\/03\/element2_A3-1-1536x1086.png 1536w, https:\/\/usgpl.hr\/wp-content\/uploads\/2021\/03\/element2_A3-1-2048x1448.png 2048w\" sizes=\"(max-width: 1024px) 100vw, 1024px\" \/><\/a><\/figure>\n\n\n\n<p><span class=\"has-inline-color has-vivid-cyan-blue-color\">Projekt je sufinancirala Europska unija iz Europskog socijalnog fonda.<\/span><\/p>\n","protected":false},"excerpt":{"rendered":"<p>U sklopu poziva Razvoj usluge osobne asistencije za osobe s invaliditetom \u2013 faza II, Operativnog programa U\u010dinkoviti ljudski potencijali 2014.-2020. provodi se projekt \u201eBudi moje o\u010di\u201c koji slijepim osobama omogu\u0107uje prijevoz, pratnju i asistenciju u svakodnevnom \u017eivotu. Projekt se provodi 24 mjeseca, od 11. lipnja 2019. do 11. lipnja 2021. Nositelj projekta je Udruga slijepih [&hellip;]<\/p>\n","protected":false},"author":3,"featured_media":821,"comment_status":"closed","ping_status":"closed","sticky":false,"template":"","format":"standard","meta":[],"categories":[1],"tags":[],"_links":{"self":[{"href":"https:\/\/usgpl.hr\/index.php?rest_route=\/wp\/v2\/posts\/805"}],"collection":[{"href":"https:\/\/usgpl.hr\/index.php?rest_route=\/wp\/v2\/posts"}],"about":[{"href":"https:\/\/usgpl.hr\/index.php?rest_route=\/wp\/v2\/types\/post"}],"author":[{"embeddable":true,"href":"https:\/\/usgpl.hr\/index.php?rest_route=\/wp\/v2\/users\/3"}],"replies":[{"embeddable":true,"href":"https:\/\/usgpl.hr\/index.php?rest_route=%2Fwp%2Fv2%2Fcomments&post=805"}],"version-history":[{"count":10,"href":"https:\/\/usgpl.hr\/index.php?rest_route=\/wp\/v2\/posts\/805\/revisions"}],"predecessor-version":[{"id":824,"href":"https:\/\/usgpl.hr\/index.php?rest_route=\/wp\/v2\/posts\/805\/revisions\/824"}],"wp:featuredmedia":[{"embeddable":true,"href":"https:\/\/usgpl.hr\/index.php?rest_route=\/wp\/v2\/media\/821"}],"wp:attachment":[{"href":"https:\/\/usgpl.hr\/index.php?rest_route=%2Fwp%2Fv2%2Fmedia&parent=805"}],"wp:term":[{"taxonomy":"category","embeddable":true,"href":"https:\/\/usgpl.hr\/index.php?rest_route=%2Fwp%2Fv2%2Fcategories&post=805"},{"taxonomy":"post_tag","embeddable":true,"href":"https:\/\/usgpl.hr\/index.php?rest_route=%2Fwp%2Fv2%2Ftags&post=805"}],"curies":[{"name":"wp","href":"https:\/\/api.w.org\/{rel}","templated":true}]}}