{"id":791,"date":"2021-04-22T08:15:00","date_gmt":"2021-04-22T08:15:00","guid":{"rendered":"https:\/\/usgpl.hr\/?p=791"},"modified":"2021-04-23T08:20:08","modified_gmt":"2021-04-23T08:20:08","slug":"edukativna-radionica-aktivni-u-zajednici","status":"publish","type":"post","link":"https:\/\/usgpl.hr\/?p=791","title":{"rendered":"EDUKATIVNA RADIONICA: &#8220;Aktivni u zajednici&#8221;"},"content":{"rendered":"\n<p>Danas (22. travnja 2021.) smo se u Hrvatskoj knji\u017enici i \u010ditaonici Pleternica dru\u017eili s predstavnicima Zaklada Slagalice iz Osijeka koja je provela program edukacije \u201eAktivni u zajednici\u201c. Cilj edukacije bilo je ja\u010danje aktivizma i filantropije u lokalnoj zajednici. <\/p>\n\n\n\n<p>Organizator edukativne radionice je Dru\u0161tvo Na\u0161a djeca Pleternica, a osim Udruge slijepih \u0160esto\u010dka na predavanju su sudjelovali predstavnici Poduzetni\u010dkog centra Pleternica, Turisti\u010dke zajednice Grada Pleternice, Hrvatsko \u017eensko dru\u0161tvo Pleternica, Udruga za pomo\u0107 djeci i mladima Radost i\u00a0Udruga za pomo\u0107 djeci s posebnim potrebama i pote\u0161ko\u0107ama u u\u010denju \u201eOSMJEH\u201c.<\/p>\n\n\n\n<p>Interaktivnim na\u010dinom edukacije usvojili smo razli\u010dite ideje koje \u0107e nam pomo\u0107i pri osmi\u0161ljavanju i uspje\u0161nom provo\u0111enju novih projekata. Zahvaljujemo se Dru\u0161tvu Na\u0161a djeca Pleternica na pozivu, a mi se nadamo da smo im bar malo pomogli u iznala\u017eenju ideja i predlaganju rje\u0161enja za realizaciju zabavno-pou\u010dne sportske staze (poligona) za djecu i mlade, koji smo svojevrsno obradili metodom brainstorming. \u017delimo im puno sre\u0107e u realizaciji predlo\u017eenog projekta koji \u0107e kroz poticanje djece i mladih na igru, razvoj motorike i razmi\u0161ljanja te boravka na otvorenom biti od velike koristi za lokalnu zajednicu. Cilj im je razli\u010ditim akcijama prikupiti vlastita sredstva za financiranje poligona, pokrenuti eko-akciju skupljanja plasti\u010dnih boca i realizirati navedeno.<\/p>\n","protected":false},"excerpt":{"rendered":"<p>Danas (22. travnja 2021.) smo se u Hrvatskoj knji\u017enici i \u010ditaonici Pleternica dru\u017eili s predstavnicima Zaklada Slagalice iz Osijeka koja je provela program edukacije \u201eAktivni u zajednici\u201c. Cilj edukacije bilo je ja\u010danje aktivizma i filantropije u lokalnoj zajednici. Organizator edukativne radionice je Dru\u0161tvo Na\u0161a djeca Pleternica, a osim Udruge slijepih \u0160esto\u010dka na predavanju su sudjelovali [&hellip;]<\/p>\n","protected":false},"author":3,"featured_media":792,"comment_status":"closed","ping_status":"closed","sticky":false,"template":"","format":"standard","meta":[],"categories":[1],"tags":[],"_links":{"self":[{"href":"https:\/\/usgpl.hr\/index.php?rest_route=\/wp\/v2\/posts\/791"}],"collection":[{"href":"https:\/\/usgpl.hr\/index.php?rest_route=\/wp\/v2\/posts"}],"about":[{"href":"https:\/\/usgpl.hr\/index.php?rest_route=\/wp\/v2\/types\/post"}],"author":[{"embeddable":true,"href":"https:\/\/usgpl.hr\/index.php?rest_route=\/wp\/v2\/users\/3"}],"replies":[{"embeddable":true,"href":"https:\/\/usgpl.hr\/index.php?rest_route=%2Fwp%2Fv2%2Fcomments&post=791"}],"version-history":[{"count":3,"href":"https:\/\/usgpl.hr\/index.php?rest_route=\/wp\/v2\/posts\/791\/revisions"}],"predecessor-version":[{"id":795,"href":"https:\/\/usgpl.hr\/index.php?rest_route=\/wp\/v2\/posts\/791\/revisions\/795"}],"wp:featuredmedia":[{"embeddable":true,"href":"https:\/\/usgpl.hr\/index.php?rest_route=\/wp\/v2\/media\/792"}],"wp:attachment":[{"href":"https:\/\/usgpl.hr\/index.php?rest_route=%2Fwp%2Fv2%2Fmedia&parent=791"}],"wp:term":[{"taxonomy":"category","embeddable":true,"href":"https:\/\/usgpl.hr\/index.php?rest_route=%2Fwp%2Fv2%2Fcategories&post=791"},{"taxonomy":"post_tag","embeddable":true,"href":"https:\/\/usgpl.hr\/index.php?rest_route=%2Fwp%2Fv2%2Ftags&post=791"}],"curies":[{"name":"wp","href":"https:\/\/api.w.org\/{rel}","templated":true}]}}