{"id":585,"date":"2020-07-14T09:49:34","date_gmt":"2020-07-14T09:49:34","guid":{"rendered":"http:\/\/usgpl.hr\/?p=585"},"modified":"2020-07-21T08:32:35","modified_gmt":"2020-07-21T08:32:35","slug":"udruga-slijepih-sestocka-pleternica-obvezno-nosenje-zastitnih-maski-u-prostoru-udruge-u-primjeni-od-13-7-2020-u-sklopu-projekta-budi-moje-oci","status":"publish","type":"post","link":"https:\/\/usgpl.hr\/?p=585","title":{"rendered":"UDRUGA SLIJEPIH \u0160ESTO\u010cKA PLETERNICA Obvezno no\u0161enje za\u0161titnih maski u prostoru Udruge u primjeni od 13.7.2020. u sklopu projekta \u201cBudi moje o\u010di\u201d"},"content":{"rendered":"<p>UDRUGA SLIJEPIH \u0160ESTO\u010cKA PLETERNICA u sklopu projekta \u201cBudi moje o\u010di\u201d UP.02.2.2.09.0103 donosi odluku o obaveznom no\u0161enju maski u prostoru Udruge, sukladno preporukama Hrvatskog zavoda za javno zdravstvo, za rad djelatnika i dolazak korisnika za vrijeme epidemije koronavirusa.<\/p>\n<p>Obavje\u0161tavaju se korisnici projekta &#8220;Budi moje o\u010di&#8221; i svi ostali gra\u0111ani da su pri ulasku u prostore Udruge obavezni nositi maske i pridr\u017eavati se svih ranije donesenih mjera (obavezne dezinfekcije ruku; odr\u017eavanja sigurnosnog razmaka od 2 m; zabrane rukovanja; ka\u0161ljanja i kihanja u lakat; maksimalno jedan korisnik unutar prostora, uz iznimku ako dolazi s vide\u0107im pratiteljem, prevoditeljem za gluposlijepe osobe ili nekog drugog razloga zbog kojeg je du\u017eno osigurati ulazak vi\u0161e osoba).<\/p>\n<p style=\"text-align: center;\"><a href=\"http:\/\/usgpl.hr\/wp-content\/uploads\/2020\/07\/Pa\u017enja.png\"><img loading=\"lazy\" class=\"alignnone size-full wp-image-586\" alt=\"Pa\u017enja\" src=\"http:\/\/usgpl.hr\/wp-content\/uploads\/2020\/07\/Pa\u017enja.png\" width=\"425\" height=\"593\" srcset=\"https:\/\/usgpl.hr\/wp-content\/uploads\/2020\/07\/Pa\u017enja.png 425w, https:\/\/usgpl.hr\/wp-content\/uploads\/2020\/07\/Pa\u017enja-215x300.png 215w\" sizes=\"(max-width: 425px) 100vw, 425px\" \/><\/a><\/p>\n<p style=\"text-align: left;\">Zbog velikog udjela dolaska osoba s razli\u010ditim pote\u0161ko\u0107ama u prostore na\u0161e udruge du\u017eni smo obavijestiti da pojedine osobe, a sukladno mjerama Hrvatskog zavoda za javno zdravstvo, uslijed zdravstvenog stanja i zna\u010dajki razvojne dobi ne moraju nositi maske uz odre\u0111ena ograni\u010denja.\u00a0Naj\u010de\u0161\u0107e se radi o situacijama kod kojih no\u0161enje maske mo\u017ee dovesti do ote\u017eanog disanja, opasnosti od gu\u0161enja ili do toga da se maska nosi nepravilno \u0161to mo\u017ee pove\u0107ati izglede za zarazu. Kod navedenih stanja neophodno je omogu\u0107iti osobi da ne nosi masku.<\/p>\n<p>Gra\u0111ani koji nisu du\u017eni nositi masku na licu i situacije u kojima se to tolerira su:<\/p>\n<p>&#8211; djeca u dobi do 2 godine<br \/>\n&#8211; djeca pred\u0161kolske dobi nakon navr\u0161ene druge godine ako dijete, usprkos nastojanju roditelja\/staratelja da nosi masku, pru\u017ea otpor no\u0161enju maske ili se ne mo\u017ee suzdr\u017eati od dodirivanja maske i lica (pojedinoj djeci maska smeta te osje\u0107aju neotklonjivu potrebu da namje\u0161taju masku i dodiruju lice, \u010dime se pove\u0107avaju izgledi za unos virusa kroz usta, nos ili o\u010di)<br \/>\n&#8211; djeca u dobi nakon navr\u0161ene druge godine pa do ni\u017eih razreda osnovne \u0161kole mogu nositi masku samo u aktivnostima koje su vremenski ograni\u010dene (aktivnosti koje traju najvi\u0161e sat ili dva) i kada su pod neprestanim nadzorom roditelja\/staratelja (primjerice kod vo\u017enje u javnom prijevozu, u zdravstvenoj ustanovi\u00a0 ili kod odlaska u trgovinu iako se roditeljima preporu\u010duje da djecu vode u trgovine samo ako je to krajnje nu\u017eno)<br \/>\n&#8211; osobe s odre\u0111enim oblicima invaliditeta kao \u0161to su: odre\u0111ena o\u0161te\u0107enja mentalnog zdravlja uklju\u010duju\u0107i te\u0161ko\u0107e iz autisti\u010dnog spektra ako osobe pru\u017eaju otpor ili ne podnose masku na licu, osobe s intelektualnim te\u0161ko\u0107ama, osobe s ve\u0107im tjelesnim\/motori\u010dkim o\u0161te\u0107enjima zbog mo\u017eebitnih te\u0161ko\u0107a disanja ili nemogu\u0107nosti da skinu masku bez pomo\u0107i druge osobe<br \/>\n&#8211; osobe koje trebaju prenijeti informaciju osobi s o\u0161te\u0107enim sluhom, uklju\u010duju\u0107i prevoditelje za gluhoslijepe osobe i druge osobe u pratnji, u situaciji kada poruku osobi s o\u0161te\u0107enim sluhom ne mogu napisati ili prenijeti znakovnim jezikom, ve\u0107 isklju\u010divo \u010ditanjem s lica i usana<br \/>\n&#8211; osobe s o\u0161te\u0107enim sluhom u situacijama u kojima maska onemogu\u0107uje u\u010dinkovitu komunikaciju i primjereno razumijevanje prenesene poruke<br \/>\n&#8211; osobe s te\u0161ko\u0107ama disanja uslijed kroni\u010dnih bolesti (ove situacije ne treba zamijeniti s respiratornom infekcijom uz povi\u0161enu temperaturu ili druge znakove koji mogu biti karakteristi\u010dni za bolest COVID-19 kada je no\u0161enje maske obavezno)<br \/>\n&#8211; osobe promijenjene svijesti ili kod gubitka svijesti<br \/>\n&#8211; sve osobe koje iz drugih razloga ne mogu skinuti masku bez pomo\u0107i druge osobe.<\/p>\n<p>Odluka stupa na snagu 13.7.2020. od pono\u0107i u 00:01 i provodit \u0107e se dok uvjeti druga\u010dije na budu dozvoljavali. Unaprijed se zahvaljujemo na razumijevanju.<\/p>\n<p>(sadr\u017eaj ovog \u010dlanka isklju\u010diva je odgovornost Udruge slijepih \u0160esto\u010dka)<\/p>\n<p><a href=\"http:\/\/usgpl.hr\/wp-content\/uploads\/2019\/10\/element2_A3-2.png\"><img loading=\"lazy\" class=\"alignnone size-large wp-image-492\" alt=\"element2_A3 (2)\" src=\"http:\/\/usgpl.hr\/wp-content\/uploads\/2019\/10\/element2_A3-2-1024x724.png\" width=\"604\" height=\"427\" srcset=\"https:\/\/usgpl.hr\/wp-content\/uploads\/2019\/10\/element2_A3-2-1024x724.png 1024w, https:\/\/usgpl.hr\/wp-content\/uploads\/2019\/10\/element2_A3-2-300x212.png 300w\" sizes=\"(max-width: 604px) 100vw, 604px\" \/><\/a><\/p>\n","protected":false},"excerpt":{"rendered":"<p>UDRUGA SLIJEPIH \u0160ESTO\u010cKA PLETERNICA u sklopu projekta \u201cBudi moje o\u010di\u201d UP.02.2.2.09.0103 donosi odluku o obaveznom no\u0161enju maski u prostoru Udruge, sukladno preporukama Hrvatskog zavoda za javno zdravstvo, za rad djelatnika i dolazak korisnika za vrijeme epidemije koronavirusa. Obavje\u0161tavaju se korisnici projekta &#8220;Budi moje o\u010di&#8221; i svi ostali gra\u0111ani da su pri ulasku u prostore Udruge [&hellip;]<\/p>\n","protected":false},"author":3,"featured_media":591,"comment_status":"open","ping_status":"open","sticky":false,"template":"","format":"standard","meta":[],"categories":[1],"tags":[],"_links":{"self":[{"href":"https:\/\/usgpl.hr\/index.php?rest_route=\/wp\/v2\/posts\/585"}],"collection":[{"href":"https:\/\/usgpl.hr\/index.php?rest_route=\/wp\/v2\/posts"}],"about":[{"href":"https:\/\/usgpl.hr\/index.php?rest_route=\/wp\/v2\/types\/post"}],"author":[{"embeddable":true,"href":"https:\/\/usgpl.hr\/index.php?rest_route=\/wp\/v2\/users\/3"}],"replies":[{"embeddable":true,"href":"https:\/\/usgpl.hr\/index.php?rest_route=%2Fwp%2Fv2%2Fcomments&post=585"}],"version-history":[{"count":6,"href":"https:\/\/usgpl.hr\/index.php?rest_route=\/wp\/v2\/posts\/585\/revisions"}],"predecessor-version":[{"id":626,"href":"https:\/\/usgpl.hr\/index.php?rest_route=\/wp\/v2\/posts\/585\/revisions\/626"}],"wp:featuredmedia":[{"embeddable":true,"href":"https:\/\/usgpl.hr\/index.php?rest_route=\/wp\/v2\/media\/591"}],"wp:attachment":[{"href":"https:\/\/usgpl.hr\/index.php?rest_route=%2Fwp%2Fv2%2Fmedia&parent=585"}],"wp:term":[{"taxonomy":"category","embeddable":true,"href":"https:\/\/usgpl.hr\/index.php?rest_route=%2Fwp%2Fv2%2Fcategories&post=585"},{"taxonomy":"post_tag","embeddable":true,"href":"https:\/\/usgpl.hr\/index.php?rest_route=%2Fwp%2Fv2%2Ftags&post=585"}],"curies":[{"name":"wp","href":"https:\/\/api.w.org\/{rel}","templated":true}]}}