{"id":483,"date":"2019-10-10T07:08:08","date_gmt":"2019-10-10T07:08:08","guid":{"rendered":"http:\/\/usgpl.hr\/?p=483"},"modified":"2019-10-10T07:11:50","modified_gmt":"2019-10-10T07:11:50","slug":"483","status":"publish","type":"post","link":"https:\/\/usgpl.hr\/?p=483","title":{"rendered":"&#8220;Budi moje o\u010di&#8221; &#8211; Po\u010detna konferencija"},"content":{"rendered":"<p><a href=\"http:\/\/usgpl.hr\/wp-content\/uploads\/2019\/10\/Pozivnica1.jpg\"><img loading=\"lazy\" class=\"alignnone size-full wp-image-482\" alt=\"Pozivnica1\" src=\"http:\/\/usgpl.hr\/wp-content\/uploads\/2019\/10\/Pozivnica1.jpg\" width=\"837\" height=\"426\" srcset=\"https:\/\/usgpl.hr\/wp-content\/uploads\/2019\/10\/Pozivnica1.jpg 837w, https:\/\/usgpl.hr\/wp-content\/uploads\/2019\/10\/Pozivnica1-300x152.jpg 300w\" sizes=\"(max-width: 837px) 100vw, 837px\" \/><\/a><\/p>\n<p>Po\u0161tovani,<\/p>\n<p>pozivamo Vas na Po\u010detnu konferenciju u sklopu projekta \u201eBudi moje o\u010di\u201c \u2013 pru\u017eanje usluge vide\u0107eg pratitelja osobama s o\u0161te\u0107enjem vida.<\/p>\n<p>Konferencija \u0107e se odr\u017eati na Me\u0111unarodni dan bijelog \u0161tapa, dana <b>15.10.2019.<\/b> godine s po\u010detkom u <b>10:30 sati<\/b> u Pleternici, na adresi Orljavska 1a, u prostorijama <b>Restorana Klas<\/b>.<\/p>\n<p>Svrha po\u010detne konferencije je \u0161iroj javnosti predstaviti ciljeve i aktivnosti projekta.<\/p>\n<p>\u010cast nam je pozvati Vas da svojim dolaskom uveli\u010date predstavljanje na\u0161eg projekta. Molimo Vas da svoj dolazak potvrdite na mail: udruga.slijepih.pleternice@gmail.com ili telefonom na broj: 098\/801-645 do 14. listopada 2019.<\/p>\n<p><a href=\"http:\/\/usgpl.hr\/wp-content\/uploads\/2019\/08\/Bez-naslova.png\"><img loading=\"lazy\" class=\"alignnone size-large wp-image-474\" alt=\"Bez naslova\" src=\"http:\/\/usgpl.hr\/wp-content\/uploads\/2019\/08\/Bez-naslova-1024x383.png\" width=\"604\" height=\"225\" srcset=\"https:\/\/usgpl.hr\/wp-content\/uploads\/2019\/08\/Bez-naslova-1024x383.png 1024w, https:\/\/usgpl.hr\/wp-content\/uploads\/2019\/08\/Bez-naslova-300x112.png 300w, https:\/\/usgpl.hr\/wp-content\/uploads\/2019\/08\/Bez-naslova.png 1260w\" sizes=\"(max-width: 604px) 100vw, 604px\" \/><\/a><\/p>\n","protected":false},"excerpt":{"rendered":"<p>Po\u0161tovani, pozivamo Vas na Po\u010detnu konferenciju u sklopu projekta \u201eBudi moje o\u010di\u201c \u2013 pru\u017eanje usluge vide\u0107eg pratitelja osobama s o\u0161te\u0107enjem vida. Konferencija \u0107e se odr\u017eati na Me\u0111unarodni dan bijelog \u0161tapa, dana 15.10.2019. godine s po\u010detkom u 10:30 sati u Pleternici, na adresi Orljavska 1a, u prostorijama Restorana Klas. Svrha po\u010detne konferencije je \u0161iroj javnosti predstaviti [&hellip;]<\/p>\n","protected":false},"author":3,"featured_media":0,"comment_status":"open","ping_status":"open","sticky":false,"template":"","format":"standard","meta":[],"categories":[1],"tags":[],"_links":{"self":[{"href":"https:\/\/usgpl.hr\/index.php?rest_route=\/wp\/v2\/posts\/483"}],"collection":[{"href":"https:\/\/usgpl.hr\/index.php?rest_route=\/wp\/v2\/posts"}],"about":[{"href":"https:\/\/usgpl.hr\/index.php?rest_route=\/wp\/v2\/types\/post"}],"author":[{"embeddable":true,"href":"https:\/\/usgpl.hr\/index.php?rest_route=\/wp\/v2\/users\/3"}],"replies":[{"embeddable":true,"href":"https:\/\/usgpl.hr\/index.php?rest_route=%2Fwp%2Fv2%2Fcomments&post=483"}],"version-history":[{"count":5,"href":"https:\/\/usgpl.hr\/index.php?rest_route=\/wp\/v2\/posts\/483\/revisions"}],"predecessor-version":[{"id":490,"href":"https:\/\/usgpl.hr\/index.php?rest_route=\/wp\/v2\/posts\/483\/revisions\/490"}],"wp:attachment":[{"href":"https:\/\/usgpl.hr\/index.php?rest_route=%2Fwp%2Fv2%2Fmedia&parent=483"}],"wp:term":[{"taxonomy":"category","embeddable":true,"href":"https:\/\/usgpl.hr\/index.php?rest_route=%2Fwp%2Fv2%2Fcategories&post=483"},{"taxonomy":"post_tag","embeddable":true,"href":"https:\/\/usgpl.hr\/index.php?rest_route=%2Fwp%2Fv2%2Ftags&post=483"}],"curies":[{"name":"wp","href":"https:\/\/api.w.org\/{rel}","templated":true}]}}