{"id":307,"date":"2016-09-30T07:32:14","date_gmt":"2016-09-30T07:32:14","guid":{"rendered":"http:\/\/usgpl.hr\/?p=307"},"modified":"2016-09-30T07:33:07","modified_gmt":"2016-09-30T07:33:07","slug":"kucica-u-prirodi-za-slijepe-i-slabovidne-osobe","status":"publish","type":"post","link":"https:\/\/usgpl.hr\/?p=307","title":{"rendered":"&#8220;Ku\u0107ica u prirodi za slijepe i slabovidne osobe&#8221;"},"content":{"rendered":"<p><a href=\"http:\/\/usgpl.hr\/wp-content\/uploads\/2016\/09\/logo_ina_610.jpg\"><img loading=\"lazy\" class=\"alignnone size-medium wp-image-308\" alt=\"logo_ina_610\" src=\"http:\/\/usgpl.hr\/wp-content\/uploads\/2016\/09\/logo_ina_610-300x85.jpg\" width=\"300\" height=\"85\" srcset=\"https:\/\/usgpl.hr\/wp-content\/uploads\/2016\/09\/logo_ina_610-300x85.jpg 300w, https:\/\/usgpl.hr\/wp-content\/uploads\/2016\/09\/logo_ina_610-604x173.jpg 604w, https:\/\/usgpl.hr\/wp-content\/uploads\/2016\/09\/logo_ina_610.jpg 610w\" sizes=\"(max-width: 300px) 100vw, 300px\" \/><\/a><\/p>\n<p>&nbsp;<\/p>\n<p><strong>INA d.d<\/strong> u sklopu natje\u010daja <strong>\u201cZeleni pojas\u201d<\/strong> kao sponzor projekta\u00a0<strong>\u201dKu\u0107ica u prirodi za slijepe i slabovidne osobe\u201d<\/strong> nam je dodijelila sredstva u iznosu od 29.000,00 kn za izgradnju drvene ku\u0107ice u naselju Gradac u blizini dje\u010djeg igrali\u0161ta za slijepe i slabovidne osobe.<\/p>\n<p>Poticaj za prijavu bila je \u017eelja da se <b>u novoure\u0111enoj drvenoj ku\u0107ici omogu\u0107i slijepim i slabovidnim osoba osnove programa snala\u017eenja i orijentacije u prostoru uz individualan i grupni rad<\/b> te da <b>uspje\u0161nim savladavanjem programa osobe o\u0161te\u0107ena vida postignu odre\u0111enu razinu samostalnosti u kretanju, \u0161to je preduvjet za uspje\u0161an i neovisan \u017eivot i potpunu integraciju ili reintegraciju u dru\u0161tvu.<\/b><\/p>\n<p>Poslove pripreme terena i i postavljanja ku\u0107ice \u010dlanovi Udruge slijepih Grada Pleternice i Po\u017ee\u0161ko-slavonske \u017eupanije te svi zainteresirani mje\u0161tani odradit \u0107e volonterski.<\/p>\n<p><b>Poslove izrade ku\u0107ice <\/b>i dr. odradit \u0107e volonteri Udruge za pomo\u0107 djeci i mladima Radost, volonteri Udruge za razvoj i unapre\u0111enje pomagala i kvalitete \u017eivljenja osoba sa invaliditetom RH te \u0107e tako donirati svoj rad u provedbi ovog projekta i zajedno s ostalim volonterima pokazati zajednici svoj rad.<\/p>\n","protected":false},"excerpt":{"rendered":"<p>&nbsp; INA d.d u sklopu natje\u010daja \u201cZeleni pojas\u201d kao sponzor projekta\u00a0\u201dKu\u0107ica u prirodi za slijepe i slabovidne osobe\u201d nam je dodijelila sredstva u iznosu od 29.000,00 kn za izgradnju drvene ku\u0107ice u naselju Gradac u blizini dje\u010djeg igrali\u0161ta za slijepe i slabovidne osobe. Poticaj za prijavu bila je \u017eelja da se u novoure\u0111enoj drvenoj ku\u0107ici [&hellip;]<\/p>\n","protected":false},"author":3,"featured_media":0,"comment_status":"open","ping_status":"open","sticky":false,"template":"","format":"standard","meta":[],"categories":[1],"tags":[],"_links":{"self":[{"href":"https:\/\/usgpl.hr\/index.php?rest_route=\/wp\/v2\/posts\/307"}],"collection":[{"href":"https:\/\/usgpl.hr\/index.php?rest_route=\/wp\/v2\/posts"}],"about":[{"href":"https:\/\/usgpl.hr\/index.php?rest_route=\/wp\/v2\/types\/post"}],"author":[{"embeddable":true,"href":"https:\/\/usgpl.hr\/index.php?rest_route=\/wp\/v2\/users\/3"}],"replies":[{"embeddable":true,"href":"https:\/\/usgpl.hr\/index.php?rest_route=%2Fwp%2Fv2%2Fcomments&post=307"}],"version-history":[{"count":2,"href":"https:\/\/usgpl.hr\/index.php?rest_route=\/wp\/v2\/posts\/307\/revisions"}],"predecessor-version":[{"id":310,"href":"https:\/\/usgpl.hr\/index.php?rest_route=\/wp\/v2\/posts\/307\/revisions\/310"}],"wp:attachment":[{"href":"https:\/\/usgpl.hr\/index.php?rest_route=%2Fwp%2Fv2%2Fmedia&parent=307"}],"wp:term":[{"taxonomy":"category","embeddable":true,"href":"https:\/\/usgpl.hr\/index.php?rest_route=%2Fwp%2Fv2%2Fcategories&post=307"},{"taxonomy":"post_tag","embeddable":true,"href":"https:\/\/usgpl.hr\/index.php?rest_route=%2Fwp%2Fv2%2Ftags&post=307"}],"curies":[{"name":"wp","href":"https:\/\/api.w.org\/{rel}","templated":true}]}}