{"id":169,"date":"2014-03-03T08:31:57","date_gmt":"2014-03-03T08:31:57","guid":{"rendered":"http:\/\/usgpl.hr\/?p=169"},"modified":"2014-03-03T08:31:57","modified_gmt":"2014-03-03T08:31:57","slug":"odrzana-skupstina","status":"publish","type":"post","link":"https:\/\/usgpl.hr\/?p=169","title":{"rendered":"ODR\u017dANA SKUP\u0160TINA"},"content":{"rendered":"<p>Dana 01.03.2014. godine odr\u017eana je redovna godi\u0161nja Skup\u0161tina Udruge slijepih grada Pleternice i Po\u017ee\u0161ko-slavonske \u017eupanije u prostorijama udruge.<\/p>\n<p>&nbsp;<\/p>\n<p><a href=\"http:\/\/usgpl.hr\/wp-content\/uploads\/2014\/03\/IMG_0002.jpg\"><img loading=\"lazy\" class=\"alignnone size-medium wp-image-171\" alt=\"IMG_0002\" src=\"http:\/\/usgpl.hr\/wp-content\/uploads\/2014\/03\/IMG_0002-300x225.jpg\" width=\"300\" height=\"225\" srcset=\"https:\/\/usgpl.hr\/wp-content\/uploads\/2014\/03\/IMG_0002-300x225.jpg 300w, https:\/\/usgpl.hr\/wp-content\/uploads\/2014\/03\/IMG_0002.jpg 640w\" sizes=\"(max-width: 300px) 100vw, 300px\" \/><\/a> <a href=\"http:\/\/usgpl.hr\/wp-content\/uploads\/2014\/03\/IMG_00031.jpg\"><img loading=\"lazy\" class=\"alignnone size-medium wp-image-172\" alt=\"IMG_0003\" src=\"http:\/\/usgpl.hr\/wp-content\/uploads\/2014\/03\/IMG_00031-300x225.jpg\" width=\"300\" height=\"225\" srcset=\"https:\/\/usgpl.hr\/wp-content\/uploads\/2014\/03\/IMG_00031-300x225.jpg 300w, https:\/\/usgpl.hr\/wp-content\/uploads\/2014\/03\/IMG_00031.jpg 640w\" sizes=\"(max-width: 300px) 100vw, 300px\" \/><\/a> <a href=\"http:\/\/usgpl.hr\/wp-content\/uploads\/2014\/03\/IMG_0004.jpg\"><img loading=\"lazy\" class=\"alignnone size-medium wp-image-173\" alt=\"IMG_0004\" src=\"http:\/\/usgpl.hr\/wp-content\/uploads\/2014\/03\/IMG_0004-300x225.jpg\" width=\"300\" height=\"225\" srcset=\"https:\/\/usgpl.hr\/wp-content\/uploads\/2014\/03\/IMG_0004-300x225.jpg 300w, https:\/\/usgpl.hr\/wp-content\/uploads\/2014\/03\/IMG_0004.jpg 640w\" sizes=\"(max-width: 300px) 100vw, 300px\" \/><\/a> <a href=\"http:\/\/usgpl.hr\/wp-content\/uploads\/2014\/03\/IMG_0006.jpg\"><img loading=\"lazy\" class=\"alignnone size-medium wp-image-174\" alt=\"IMG_0006\" src=\"http:\/\/usgpl.hr\/wp-content\/uploads\/2014\/03\/IMG_0006-300x225.jpg\" width=\"300\" height=\"225\" srcset=\"https:\/\/usgpl.hr\/wp-content\/uploads\/2014\/03\/IMG_0006-300x225.jpg 300w, https:\/\/usgpl.hr\/wp-content\/uploads\/2014\/03\/IMG_0006.jpg 640w\" sizes=\"(max-width: 300px) 100vw, 300px\" \/><\/a> <a href=\"http:\/\/usgpl.hr\/wp-content\/uploads\/2014\/03\/IMG_0007.jpg\"><img loading=\"lazy\" class=\"alignnone size-medium wp-image-175\" alt=\"IMG_0007\" src=\"http:\/\/usgpl.hr\/wp-content\/uploads\/2014\/03\/IMG_0007-300x225.jpg\" width=\"300\" height=\"225\" \/><\/a> <a href=\"http:\/\/usgpl.hr\/wp-content\/uploads\/2014\/03\/IMG_0008.jpg\"><img loading=\"lazy\" class=\"alignnone size-medium wp-image-176\" alt=\"IMG_0008\" src=\"http:\/\/usgpl.hr\/wp-content\/uploads\/2014\/03\/IMG_0008-300x225.jpg\" width=\"300\" height=\"225\" srcset=\"https:\/\/usgpl.hr\/wp-content\/uploads\/2014\/03\/IMG_0008-300x225.jpg 300w, https:\/\/usgpl.hr\/wp-content\/uploads\/2014\/03\/IMG_0008.jpg 640w\" sizes=\"(max-width: 300px) 100vw, 300px\" \/><\/a> <a href=\"http:\/\/usgpl.hr\/wp-content\/uploads\/2014\/03\/IMG_0009.jpg\"><img loading=\"lazy\" class=\"alignnone size-medium wp-image-177\" alt=\"IMG_0009\" src=\"http:\/\/usgpl.hr\/wp-content\/uploads\/2014\/03\/IMG_0009-300x225.jpg\" width=\"300\" height=\"225\" srcset=\"https:\/\/usgpl.hr\/wp-content\/uploads\/2014\/03\/IMG_0009-300x225.jpg 300w, https:\/\/usgpl.hr\/wp-content\/uploads\/2014\/03\/IMG_0009.jpg 640w\" sizes=\"(max-width: 300px) 100vw, 300px\" \/><\/a> <a href=\"http:\/\/usgpl.hr\/wp-content\/uploads\/2014\/03\/IMG_0010.jpg\"><img loading=\"lazy\" class=\"alignnone size-medium wp-image-178\" alt=\"IMG_0010\" src=\"http:\/\/usgpl.hr\/wp-content\/uploads\/2014\/03\/IMG_0010-300x225.jpg\" width=\"300\" height=\"225\" srcset=\"https:\/\/usgpl.hr\/wp-content\/uploads\/2014\/03\/IMG_0010-300x225.jpg 300w, https:\/\/usgpl.hr\/wp-content\/uploads\/2014\/03\/IMG_0010.jpg 640w\" sizes=\"(max-width: 300px) 100vw, 300px\" \/><\/a> <a href=\"http:\/\/usgpl.hr\/wp-content\/uploads\/2014\/03\/IMG_0011.jpg\"><img loading=\"lazy\" class=\"alignnone size-medium wp-image-179\" alt=\"IMG_0011\" src=\"http:\/\/usgpl.hr\/wp-content\/uploads\/2014\/03\/IMG_0011-300x225.jpg\" width=\"300\" height=\"225\" srcset=\"https:\/\/usgpl.hr\/wp-content\/uploads\/2014\/03\/IMG_0011-300x225.jpg 300w, https:\/\/usgpl.hr\/wp-content\/uploads\/2014\/03\/IMG_0011.jpg 640w\" sizes=\"(max-width: 300px) 100vw, 300px\" \/><\/a><\/p>\n","protected":false},"excerpt":{"rendered":"<p>Dana 01.03.2014. godine odr\u017eana je redovna godi\u0161nja Skup\u0161tina Udruge slijepih grada Pleternice i Po\u017ee\u0161ko-slavonske \u017eupanije u prostorijama udruge. &nbsp;<\/p>\n","protected":false},"author":3,"featured_media":0,"comment_status":"open","ping_status":"open","sticky":false,"template":"","format":"standard","meta":[],"categories":[1],"tags":[],"_links":{"self":[{"href":"https:\/\/usgpl.hr\/index.php?rest_route=\/wp\/v2\/posts\/169"}],"collection":[{"href":"https:\/\/usgpl.hr\/index.php?rest_route=\/wp\/v2\/posts"}],"about":[{"href":"https:\/\/usgpl.hr\/index.php?rest_route=\/wp\/v2\/types\/post"}],"author":[{"embeddable":true,"href":"https:\/\/usgpl.hr\/index.php?rest_route=\/wp\/v2\/users\/3"}],"replies":[{"embeddable":true,"href":"https:\/\/usgpl.hr\/index.php?rest_route=%2Fwp%2Fv2%2Fcomments&post=169"}],"version-history":[{"count":1,"href":"https:\/\/usgpl.hr\/index.php?rest_route=\/wp\/v2\/posts\/169\/revisions"}],"predecessor-version":[{"id":181,"href":"https:\/\/usgpl.hr\/index.php?rest_route=\/wp\/v2\/posts\/169\/revisions\/181"}],"wp:attachment":[{"href":"https:\/\/usgpl.hr\/index.php?rest_route=%2Fwp%2Fv2%2Fmedia&parent=169"}],"wp:term":[{"taxonomy":"category","embeddable":true,"href":"https:\/\/usgpl.hr\/index.php?rest_route=%2Fwp%2Fv2%2Fcategories&post=169"},{"taxonomy":"post_tag","embeddable":true,"href":"https:\/\/usgpl.hr\/index.php?rest_route=%2Fwp%2Fv2%2Ftags&post=169"}],"curies":[{"name":"wp","href":"https:\/\/api.w.org\/{rel}","templated":true}]}}