{"id":1496,"date":"2026-07-24T07:45:00","date_gmt":"2026-07-24T07:45:00","guid":{"rendered":"https:\/\/usgpl.hr\/?p=1496"},"modified":"2026-09-04T07:52:23","modified_gmt":"2026-09-04T07:52:23","slug":"udruga-slijepih-sestocka-dobila-potporu-pozesko-slavonske-zupanije","status":"publish","type":"post","link":"https:\/\/usgpl.hr\/?p=1496","title":{"rendered":"Udruga slijepih \u0160esto\u010dka dobila potporu Po\u017ee\u0161ko-slavonske \u017eupanije"},"content":{"rendered":"\n<p>Udruga slijepih \u0160esto\u010dka dobila je financijsku potporu u iznosu od <strong>400,00 eura od Po\u017ee\u0161ko-slavonske \u017eupanije<\/strong> za provedbu programa usmjerenog na unapre\u0111enje kvalitete \u017eivota slijepih i slabovidnih osoba.<\/p>\n\n\n\n<p>Kroz izvaninstitucionalne aktivnosti programa \u017eeli se dodatno osna\u017eiti polo\u017eaj slijepih i slabovidnih osoba u lokalnoj zajednici te pove\u0107ati njihovu samostalnost, znanja i kompetencije od najranije do najstarije \u017eivotne dobi na podru\u010dju Grada Pleternice i Po\u017ee\u0161ko-slavonske \u017eupanije.<\/p>\n\n\n\n<p>Cilj programa je pru\u017eanje pomo\u0107i i podr\u0161ke slijepim i slabovidnim osobama te drugim \u010dlanovima Udruge u razli\u010ditim aspektima svakodnevnog \u017eivota. Aktivnostima se nastoji pove\u0107ati kvaliteta \u017eivota korisnika, potaknuti njihova socijalna uklju\u010denost, samostalnost i aktivno sudjelovanje u zajednici.<\/p>\n\n\n\n<p>Udruga slijepih \u0160esto\u010dka pru\u017ea podr\u0161ku za oko <strong>60-ak&nbsp;\u010dlanova<\/strong>, uz&nbsp;<strong>9 volontera i 4 zaposlenika<\/strong>, koji zajedni\u010dkim radom provode brojne humanitarne, socijalne, edukativne, kulturne i druge aktivnosti.<\/p>\n\n\n\n<p>Dobivena sredstva Po\u017ee\u0161ko-slavonske \u017eupanije doprinijet \u0107e daljnjem radu Udruge i provedbi aktivnosti kojima se slijepim i slabovidnim osobama pru\u017ea potrebna podr\u0161ka te stvaraju bolje mogu\u0107nosti za njihovu ravnopravnu uklju\u010denost u lokalnu zajednicu.<\/p>\n\n\n\n<p><strong>Zahvaljujemo Po\u017ee\u0161ko-slavonskoj \u017eupaniji na pru\u017eenoj financijskoj potpori i prepoznavanju va\u017enosti rada s slijepim i slabovidnim osobama.<\/strong><\/p>\n","protected":false},"excerpt":{"rendered":"<p>Udruga slijepih \u0160esto\u010dka dobila je financijsku potporu u iznosu od 400,00 eura od Po\u017ee\u0161ko-slavonske \u017eupanije za provedbu programa usmjerenog na unapre\u0111enje kvalitete \u017eivota slijepih i slabovidnih osoba. Kroz izvaninstitucionalne aktivnosti programa \u017eeli se dodatno osna\u017eiti polo\u017eaj slijepih i slabovidnih osoba u lokalnoj zajednici te pove\u0107ati njihovu samostalnost, znanja i kompetencije od najranije do najstarije \u017eivotne [&hellip;]<\/p>\n","protected":false},"author":3,"featured_media":1497,"comment_status":"closed","ping_status":"closed","sticky":false,"template":"","format":"standard","meta":[],"categories":[1],"tags":[],"_links":{"self":[{"href":"https:\/\/usgpl.hr\/index.php?rest_route=\/wp\/v2\/posts\/1496"}],"collection":[{"href":"https:\/\/usgpl.hr\/index.php?rest_route=\/wp\/v2\/posts"}],"about":[{"href":"https:\/\/usgpl.hr\/index.php?rest_route=\/wp\/v2\/types\/post"}],"author":[{"embeddable":true,"href":"https:\/\/usgpl.hr\/index.php?rest_route=\/wp\/v2\/users\/3"}],"replies":[{"embeddable":true,"href":"https:\/\/usgpl.hr\/index.php?rest_route=%2Fwp%2Fv2%2Fcomments&post=1496"}],"version-history":[{"count":1,"href":"https:\/\/usgpl.hr\/index.php?rest_route=\/wp\/v2\/posts\/1496\/revisions"}],"predecessor-version":[{"id":1498,"href":"https:\/\/usgpl.hr\/index.php?rest_route=\/wp\/v2\/posts\/1496\/revisions\/1498"}],"wp:featuredmedia":[{"embeddable":true,"href":"https:\/\/usgpl.hr\/index.php?rest_route=\/wp\/v2\/media\/1497"}],"wp:attachment":[{"href":"https:\/\/usgpl.hr\/index.php?rest_route=%2Fwp%2Fv2%2Fmedia&parent=1496"}],"wp:term":[{"taxonomy":"category","embeddable":true,"href":"https:\/\/usgpl.hr\/index.php?rest_route=%2Fwp%2Fv2%2Fcategories&post=1496"},{"taxonomy":"post_tag","embeddable":true,"href":"https:\/\/usgpl.hr\/index.php?rest_route=%2Fwp%2Fv2%2Ftags&post=1496"}],"curies":[{"name":"wp","href":"https:\/\/api.w.org\/{rel}","templated":true}]}}