{"id":1491,"date":"2026-08-31T07:52:00","date_gmt":"2026-08-31T07:52:00","guid":{"rendered":"https:\/\/usgpl.hr\/?p=1491"},"modified":"2026-09-03T08:39:08","modified_gmt":"2026-09-03T08:39:08","slug":"ugodna-svakodnevnica-slijepih-i-slabovidnih-osoba","status":"publish","type":"post","link":"https:\/\/usgpl.hr\/?p=1491","title":{"rendered":"Ugodna svakodnevnica slijepih i slabovidnih osoba"},"content":{"rendered":"\n<p>Udruga slijepih \u0160esto\u010dka provodi program <strong>\u201eUgodna svakodnevnica slijepih i slabovidnih osoba\u201c<\/strong>, usmjeren na pove\u0107anje kvalitete \u017eivota, samostalnosti i socijalne uklju\u010denosti slijepih i slabovidnih osoba.<\/p>\n\n\n\n<p>Program je prijavljen na Poziv Ministarstva rada, mirovinskoga sustava, obitelji i socijalne politike Republike Hrvatske <strong>\u201eRazvoj i \u0161irenje mre\u017ee socijalnih usluga za razdoblje 2026. do 2029.\u201c<\/strong>. Za prvu godinu provedbe odobreno je 42.250,00 eura.<\/p>\n\n\n\n<p>Program je namijenjen odraslim slijepim i slabovidnim osobama s podru\u010dja Po\u017ee\u0161ko-slavonske \u017eupanije te \u0107e izravno obuhvatiti <strong>50 korisnika<\/strong>.<\/p>\n\n\n\n<p>Kroz program \u0107e se provoditi rekreativne i sportske aktivnosti, kreativne i didakti\u010dke radionice, edukacije iz Brailleova pisma i digitalnih vje\u0161tina, radionice kori\u0161tenja tiflotehni\u010dkih pomagala te aktivnosti dru\u017eenja i socijalizacije.<\/p>\n\n\n\n<p>Cilj programa je smanjiti socijalnu izolaciju i pove\u0107ati samostalnost slijepih i slabovidnih osoba, omogu\u0107iti im stjecanje novih znanja i vje\u0161tina te potaknuti njihovo aktivno sudjelovanje u \u017eivotu lokalne zajednice.<\/p>\n","protected":false},"excerpt":{"rendered":"<p>Udruga slijepih \u0160esto\u010dka provodi program \u201eUgodna svakodnevnica slijepih i slabovidnih osoba\u201c, usmjeren na pove\u0107anje kvalitete \u017eivota, samostalnosti i socijalne uklju\u010denosti slijepih i slabovidnih osoba. Program je prijavljen na Poziv Ministarstva rada, mirovinskoga sustava, obitelji i socijalne politike Republike Hrvatske \u201eRazvoj i \u0161irenje mre\u017ee socijalnih usluga za razdoblje 2026. do 2029.\u201c. Za prvu godinu provedbe odobreno [&hellip;]<\/p>\n","protected":false},"author":3,"featured_media":1495,"comment_status":"closed","ping_status":"closed","sticky":false,"template":"","format":"standard","meta":[],"categories":[1],"tags":[],"_links":{"self":[{"href":"https:\/\/usgpl.hr\/index.php?rest_route=\/wp\/v2\/posts\/1491"}],"collection":[{"href":"https:\/\/usgpl.hr\/index.php?rest_route=\/wp\/v2\/posts"}],"about":[{"href":"https:\/\/usgpl.hr\/index.php?rest_route=\/wp\/v2\/types\/post"}],"author":[{"embeddable":true,"href":"https:\/\/usgpl.hr\/index.php?rest_route=\/wp\/v2\/users\/3"}],"replies":[{"embeddable":true,"href":"https:\/\/usgpl.hr\/index.php?rest_route=%2Fwp%2Fv2%2Fcomments&post=1491"}],"version-history":[{"count":1,"href":"https:\/\/usgpl.hr\/index.php?rest_route=\/wp\/v2\/posts\/1491\/revisions"}],"predecessor-version":[{"id":1492,"href":"https:\/\/usgpl.hr\/index.php?rest_route=\/wp\/v2\/posts\/1491\/revisions\/1492"}],"wp:featuredmedia":[{"embeddable":true,"href":"https:\/\/usgpl.hr\/index.php?rest_route=\/wp\/v2\/media\/1495"}],"wp:attachment":[{"href":"https:\/\/usgpl.hr\/index.php?rest_route=%2Fwp%2Fv2%2Fmedia&parent=1491"}],"wp:term":[{"taxonomy":"category","embeddable":true,"href":"https:\/\/usgpl.hr\/index.php?rest_route=%2Fwp%2Fv2%2Fcategories&post=1491"},{"taxonomy":"post_tag","embeddable":true,"href":"https:\/\/usgpl.hr\/index.php?rest_route=%2Fwp%2Fv2%2Ftags&post=1491"}],"curies":[{"name":"wp","href":"https:\/\/api.w.org\/{rel}","templated":true}]}}