{"id":1489,"date":"2026-06-17T07:35:00","date_gmt":"2026-06-17T07:35:00","guid":{"rendered":"https:\/\/usgpl.hr\/?p=1489"},"modified":"2026-09-03T08:23:02","modified_gmt":"2026-09-03T08:23:02","slug":"novi-pravilnik-o-osobnoj-asistenciji","status":"publish","type":"post","link":"https:\/\/usgpl.hr\/?p=1489","title":{"rendered":"NOVI PRAVILNIK O OSOBNOJ ASISTENCIJI"},"content":{"rendered":"\n<p>Od <strong>6. lipnja 2026. godine<\/strong> na snazi je novi <strong>Pravilnik o osobnoj asistenciji<\/strong>, kojim su uvedene promjene u na\u010dinu procjene potreba korisnika i odre\u0111ivanja opsega usluge osobne asistencije.<\/p>\n\n\n\n<p>Novi Pravilnik stavlja ve\u0107i naglasak na <strong>individualne potrebe svakog korisnika<\/strong>, odnosno na stvarnu podr\u0161ku koja je osobi potrebna u svakodnevnom \u017eivotu. Cilj je omogu\u0107iti fleksibilniju i dostupniju uslugu osobne asistencije te osigurati da opseg podr\u0161ke \u0161to bolje odgovara \u017eivotnim okolnostima pojedinca.<\/p>\n\n\n\n<h2>\u0160to donosi novi Pravilnik?<\/h2>\n\n\n\n<ul><li><strong>Individualizirana procjena potreba<\/strong> \u2013 pri odre\u0111ivanju opsega osobne asistencije vi\u0161e se pa\u017enje posve\u0107uje stvarnim potrebama osobe i razini podr\u0161ke koja joj je potrebna u svakodnevnom funkcioniranju.<\/li><li><strong>Ve\u0107i opseg osobne asistencije<\/strong> \u2013 osobama s izra\u017eenim i kontinuiranim potrebama mo\u017ee se odobriti ve\u0107i broj sati podr\u0161ke, a u odre\u0111enim slu\u010dajevima i do <strong>24 sata dnevno<\/strong>.<\/li><li><strong>Mogu\u0107nost ostvarivanja usluge za razli\u010dite dobne skupine<\/strong> \u2013 osobna asistencija namijenjena je djeci, odraslim osobama i starijim osobama koje ispunjavaju propisane uvjete.<\/li><li><strong>Fleksibilnije odre\u0111ivanje broja sati<\/strong> \u2013 opseg usluge mo\u017ee se prilago\u0111avati okolnostima korisnika, primjerice u razdobljima kada osoba ostvaruje neki drugi oblik podr\u0161ke.<\/li><li><strong>Ve\u0107a usmjerenost na samostalnost korisnika<\/strong> \u2013 osobna asistencija treba omogu\u0107iti osobi da \u0161to aktivnije sudjeluje u svakodnevnom \u017eivotu, obitelji i zajednici.<\/li><\/ul>\n\n\n\n<h2>\u0160to to zna\u010di za osobe s invaliditetom?<\/h2>\n\n\n\n<p>Novi pristup omogu\u0107uje da se pri procjeni vi\u0161e uzimaju u obzir <strong>svakodnevni \u017eivot, potrebe i okolnosti pojedinca<\/strong>, a ne samo njegova formalna kategorija invaliditeta.<\/p>\n\n\n\n<p>Osobna asistencija mo\u017ee biti od velike va\u017enosti osobama kojima je potrebna pomo\u0107 pri svakodnevnim aktivnostima, kretanju, odr\u017eavanju osobne higijene, pripremi i uzimanju hrane, obavljanju razli\u010ditih obveza te uklju\u010divanju u dru\u0161tveni \u017eivot.<\/p>\n\n\n\n<p>Za osobe s o\u0161te\u0107enjem vida ovakav oblik podr\u0161ke mo\u017ee zna\u010dajno pridonijeti <strong>ve\u0107oj samostalnosti, sigurnosti, kvaliteti \u017eivota i aktivnom uklju\u010divanju u zajednicu<\/strong>.<\/p>\n\n\n\n<h2>Kako ostvariti pravo na osobnu asistenciju?<\/h2>\n\n\n\n<p>Zahtjev za priznavanje prava na osobnu asistenciju podnosi se <strong>nadle\u017enom podru\u010dnom uredu Hrvatskog zavoda za socijalni rad prema mjestu prebivali\u0161ta<\/strong>.<\/p>\n\n\n\n<p>U postupku se mogu tra\u017eiti razli\u010diti dokumenti, me\u0111u kojima su medicinska i druga relevantna dokumentacija, postoje\u0107a rje\u0161enja o invaliditetu te podaci o svakodnevnom funkcioniranju i potrebama osobe.<\/p>\n\n\n\n<p>O opsegu potrebne podr\u0161ke odlu\u010duje se na temelju procjene potreba korisnika i propisanih kriterija.<\/p>\n\n\n\n<h2>Informirajte se i provjerite svoje mogu\u0107nosti<\/h2>\n\n\n\n<p><strong>Udruga slijepih \u0160esto\u010dka<\/strong> poziva osobe s invaliditetom, posebno osobe s o\u0161te\u0107enjem vida, koje imaju potrebu za ve\u0107im opsegom podr\u0161ke u svakodnevnom \u017eivotu da se informiraju o mogu\u0107nostima ostvarivanja prava na osobnu asistenciju.<\/p>\n\n\n\n<p>Ako niste sigurni ispunjavate li uvjete, imate pitanja o postupku ili vam je potrebna pomo\u0107 pri razumijevanju potrebne dokumentacije, <strong>slobodno nam se obratite<\/strong>.<\/p>\n\n\n\n<p>Udruga slijepih \u0160esto\u010dka stoji vam na raspolaganju za informacije, savjetovanje i podr\u0161ku. Slobodno nas kontaktirajte putem telefona na broj 095\/788-1121, e-maila udruga.slijepih.pleternice@gmail.com ili osobnim dolaskom u prostorije&nbsp;Udruge slijepih \u0160esto\u010dka&nbsp;na adresi Prilaz 20a Pleternica.<\/p>\n\n\n\n<p><strong>Ne propustite mogu\u0107nost ostvarivanja podr\u0161ke koja vam mo\u017ee olak\u0161ati svakodnevni \u017eivot i omogu\u0107iti ve\u0107u samostalnost.<\/strong><\/p>\n","protected":false},"excerpt":{"rendered":"<p>Od 6. lipnja 2026. godine na snazi je novi Pravilnik o osobnoj asistenciji, kojim su uvedene promjene u na\u010dinu procjene potreba korisnika i odre\u0111ivanja opsega usluge osobne asistencije. Novi Pravilnik stavlja ve\u0107i naglasak na individualne potrebe svakog korisnika, odnosno na stvarnu podr\u0161ku koja je osobi potrebna u svakodnevnom \u017eivotu. Cilj je omogu\u0107iti fleksibilniju i dostupniju [&hellip;]<\/p>\n","protected":false},"author":3,"featured_media":1493,"comment_status":"closed","ping_status":"closed","sticky":false,"template":"","format":"standard","meta":[],"categories":[1],"tags":[],"_links":{"self":[{"href":"https:\/\/usgpl.hr\/index.php?rest_route=\/wp\/v2\/posts\/1489"}],"collection":[{"href":"https:\/\/usgpl.hr\/index.php?rest_route=\/wp\/v2\/posts"}],"about":[{"href":"https:\/\/usgpl.hr\/index.php?rest_route=\/wp\/v2\/types\/post"}],"author":[{"embeddable":true,"href":"https:\/\/usgpl.hr\/index.php?rest_route=\/wp\/v2\/users\/3"}],"replies":[{"embeddable":true,"href":"https:\/\/usgpl.hr\/index.php?rest_route=%2Fwp%2Fv2%2Fcomments&post=1489"}],"version-history":[{"count":2,"href":"https:\/\/usgpl.hr\/index.php?rest_route=\/wp\/v2\/posts\/1489\/revisions"}],"predecessor-version":[{"id":1494,"href":"https:\/\/usgpl.hr\/index.php?rest_route=\/wp\/v2\/posts\/1489\/revisions\/1494"}],"wp:featuredmedia":[{"embeddable":true,"href":"https:\/\/usgpl.hr\/index.php?rest_route=\/wp\/v2\/media\/1493"}],"wp:attachment":[{"href":"https:\/\/usgpl.hr\/index.php?rest_route=%2Fwp%2Fv2%2Fmedia&parent=1489"}],"wp:term":[{"taxonomy":"category","embeddable":true,"href":"https:\/\/usgpl.hr\/index.php?rest_route=%2Fwp%2Fv2%2Fcategories&post=1489"},{"taxonomy":"post_tag","embeddable":true,"href":"https:\/\/usgpl.hr\/index.php?rest_route=%2Fwp%2Fv2%2Ftags&post=1489"}],"curies":[{"name":"wp","href":"https:\/\/api.w.org\/{rel}","templated":true}]}}